{"id":509,"date":"2022-09-28T10:18:54","date_gmt":"2022-09-28T13:18:54","guid":{"rendered":"https:\/\/www.alugarimobiliaria.com.br\/blog\/?p=509"},"modified":"2022-09-28T10:31:11","modified_gmt":"2022-09-28T13:31:11","slug":"509","status":"publish","type":"post","link":"https:\/\/www.alugarimobiliaria.com.br\/blog\/2022\/09\/28\/509\/","title":{"rendered":"Posso pedir o im\u00f3vel antes do fim da vig\u00eancia depositando a multa?"},"content":{"rendered":"\n<p>A possibilidade de extin\u00e7\u00e3o da loca\u00e7\u00e3o antes do final da vig\u00eancia contratual \u00e9 restrita ao locat\u00e1rio, sendo vedada ao locador.&nbsp;<\/p>\n\n\n\n<p>Isso acontece por um principio legal de prote\u00e7\u00e3o do direito \u00e0 moradia do Locat\u00e1rio.<\/p>\n\n\n\n<figure class=\"wp-block-image size-full\"><img loading=\"lazy\" decoding=\"async\" width=\"800\" height=\"600\" src=\"https:\/\/www.alugarimobiliaria.com.br\/blog\/wp-content\/uploads\/2022\/09\/contrato.jpg\" alt=\"\" class=\"wp-image-513\" srcset=\"https:\/\/www.alugarimobiliaria.com.br\/blog\/wp-content\/uploads\/2022\/09\/contrato.jpg 800w, https:\/\/www.alugarimobiliaria.com.br\/blog\/wp-content\/uploads\/2022\/09\/contrato-300x225.jpg 300w, https:\/\/www.alugarimobiliaria.com.br\/blog\/wp-content\/uploads\/2022\/09\/contrato-768x576.jpg 768w\" sizes=\"auto, (max-width: 800px) 100vw, 800px\" \/><\/figure>\n\n\n\n<p>Mas, a lei prev\u00ea a possibilidade extin\u00e7\u00e3o da Loca\u00e7\u00e3o por m\u00fatuo acordo, de modo que, se houver necessidade do im\u00f3vel, ela poder\u00e1 ser suprida pelo consenso entre as partes.\u00a0<\/p>\n\n\n\n<p><\/p>\n","protected":false},"excerpt":{"rendered":"<p>A possibilidade de extin\u00e7\u00e3o da loca\u00e7\u00e3o antes do final da vig\u00eancia contratual \u00e9 restrita ao locat\u00e1rio, sendo vedada ao locador.&nbsp; Isso acontece por um principio legal de prote\u00e7\u00e3o do direito \u00e0 moradia do Locat\u00e1rio. Mas, a lei prev\u00ea a possibilidade extin\u00e7\u00e3o da Loca\u00e7\u00e3o por m\u00fatuo acordo, de modo que, se houver necessidade do im\u00f3vel, ela&hellip;&nbsp;<a href=\"https:\/\/www.alugarimobiliaria.com.br\/blog\/2022\/09\/28\/509\/\" rel=\"bookmark\">Continue a ler &raquo;<span class=\"screen-reader-text\">Posso pedir o im\u00f3vel antes do fim da vig\u00eancia depositando a multa?<\/span><\/a><\/p>\n","protected":false},"author":2,"featured_media":513,"comment_status":"open","ping_status":"closed","sticky":false,"template":"","format":"standard","meta":{"neve_meta_sidebar":"","neve_meta_container":"","neve_meta_enable_content_width":"","neve_meta_content_width":0,"neve_meta_title_alignment":"","neve_meta_author_avatar":"","neve_post_elements_order":"","neve_meta_disable_header":"","neve_meta_disable_footer":"","neve_meta_disable_title":"","footnotes":""},"categories":[4],"tags":[],"class_list":["post-509","post","type-post","status-publish","format-standard","has-post-thumbnail","hentry","category-locacao"],"_links":{"self":[{"href":"https:\/\/www.alugarimobiliaria.com.br\/blog\/wp-json\/wp\/v2\/posts\/509","targetHints":{"allow":["GET"]}}],"collection":[{"href":"https:\/\/www.alugarimobiliaria.com.br\/blog\/wp-json\/wp\/v2\/posts"}],"about":[{"href":"https:\/\/www.alugarimobiliaria.com.br\/blog\/wp-json\/wp\/v2\/types\/post"}],"author":[{"embeddable":true,"href":"https:\/\/www.alugarimobiliaria.com.br\/blog\/wp-json\/wp\/v2\/users\/2"}],"replies":[{"embeddable":true,"href":"https:\/\/www.alugarimobiliaria.com.br\/blog\/wp-json\/wp\/v2\/comments?post=509"}],"version-history":[{"count":3,"href":"https:\/\/www.alugarimobiliaria.com.br\/blog\/wp-json\/wp\/v2\/posts\/509\/revisions"}],"predecessor-version":[{"id":514,"href":"https:\/\/www.alugarimobiliaria.com.br\/blog\/wp-json\/wp\/v2\/posts\/509\/revisions\/514"}],"wp:featuredmedia":[{"embeddable":true,"href":"https:\/\/www.alugarimobiliaria.com.br\/blog\/wp-json\/wp\/v2\/media\/513"}],"wp:attachment":[{"href":"https:\/\/www.alugarimobiliaria.com.br\/blog\/wp-json\/wp\/v2\/media?parent=509"}],"wp:term":[{"taxonomy":"category","embeddable":true,"href":"https:\/\/www.alugarimobiliaria.com.br\/blog\/wp-json\/wp\/v2\/categories?post=509"},{"taxonomy":"post_tag","embeddable":true,"href":"https:\/\/www.alugarimobiliaria.com.br\/blog\/wp-json\/wp\/v2\/tags?post=509"}],"curies":[{"name":"wp","href":"https:\/\/api.w.org\/{rel}","templated":true}]}}