{"id":490,"date":"2022-09-07T11:00:02","date_gmt":"2022-09-07T14:00:02","guid":{"rendered":"https:\/\/www.alugarimobiliaria.com.br\/blog\/?p=490"},"modified":"2022-09-07T11:02:38","modified_gmt":"2022-09-07T14:02:38","slug":"reajuste-e-revisao-2","status":"publish","type":"post","link":"https:\/\/www.alugarimobiliaria.com.br\/blog\/2022\/09\/07\/reajuste-e-revisao-2\/","title":{"rendered":"Reajuste e revis\u00e3o"},"content":{"rendered":"\n<p>Anualmente o valor do aluguel poder\u00e1 ser reajustado, conforme estiver disposto em contrato, pelo \u00edndice adotado, com a finalidade repor as perdas inflacion\u00e1rias.&nbsp;<\/p>\n\n\n\n<p>Ao final do contrato esse valor pode ser revisto, conforme altera\u00e7\u00e3o de mercado.\u00a0<\/p>\n\n\n\n<p><\/p>\n\n\n\n<figure class=\"wp-block-image size-full\"><img loading=\"lazy\" decoding=\"async\" width=\"900\" height=\"600\" src=\"https:\/\/www.alugarimobiliaria.com.br\/blog\/wp-content\/uploads\/2022\/09\/revisao.jpg\" alt=\"\" class=\"wp-image-492\" srcset=\"https:\/\/www.alugarimobiliaria.com.br\/blog\/wp-content\/uploads\/2022\/09\/revisao.jpg 900w, https:\/\/www.alugarimobiliaria.com.br\/blog\/wp-content\/uploads\/2022\/09\/revisao-300x200.jpg 300w, https:\/\/www.alugarimobiliaria.com.br\/blog\/wp-content\/uploads\/2022\/09\/revisao-768x512.jpg 768w\" sizes=\"auto, (max-width: 900px) 100vw, 900px\" \/><\/figure>\n\n\n\n<p>Reajuste e revis\u00e3o n\u00e3o se confundem. O reajuste, de periodicidade anual visa repor a perda inflacion\u00e1ria e revis\u00e3o visa readequar a realidade de mercado, e precisa estar baseada em crit\u00e9rios t\u00e9cnicos, sobretudo se o locat\u00e1rio permanecer no im\u00f3vel, pois \u00e9 necess\u00e1ria a manuten\u00e7\u00e3o do equil\u00edbrio contratual.<\/p>\n","protected":false},"excerpt":{"rendered":"<p>Anualmente o valor do aluguel poder\u00e1 ser reajustado, conforme estiver disposto em contrato, pelo \u00edndice adotado, com a finalidade repor as perdas inflacion\u00e1rias.&nbsp; Ao final do contrato esse valor pode ser revisto, conforme altera\u00e7\u00e3o de mercado.\u00a0 Reajuste e revis\u00e3o n\u00e3o se confundem. O reajuste, de periodicidade anual visa repor a perda inflacion\u00e1ria e revis\u00e3o visa&hellip;&nbsp;<a href=\"https:\/\/www.alugarimobiliaria.com.br\/blog\/2022\/09\/07\/reajuste-e-revisao-2\/\" rel=\"bookmark\">Continue a ler &raquo;<span class=\"screen-reader-text\">Reajuste e revis\u00e3o<\/span><\/a><\/p>\n","protected":false},"author":2,"featured_media":492,"comment_status":"open","ping_status":"closed","sticky":false,"template":"","format":"standard","meta":{"neve_meta_sidebar":"","neve_meta_container":"","neve_meta_enable_content_width":"","neve_meta_content_width":0,"neve_meta_title_alignment":"","neve_meta_author_avatar":"","neve_post_elements_order":"","neve_meta_disable_header":"","neve_meta_disable_footer":"","neve_meta_disable_title":"","footnotes":""},"categories":[1],"tags":[],"class_list":["post-490","post","type-post","status-publish","format-standard","has-post-thumbnail","hentry","category-sem-categoria"],"_links":{"self":[{"href":"https:\/\/www.alugarimobiliaria.com.br\/blog\/wp-json\/wp\/v2\/posts\/490","targetHints":{"allow":["GET"]}}],"collection":[{"href":"https:\/\/www.alugarimobiliaria.com.br\/blog\/wp-json\/wp\/v2\/posts"}],"about":[{"href":"https:\/\/www.alugarimobiliaria.com.br\/blog\/wp-json\/wp\/v2\/types\/post"}],"author":[{"embeddable":true,"href":"https:\/\/www.alugarimobiliaria.com.br\/blog\/wp-json\/wp\/v2\/users\/2"}],"replies":[{"embeddable":true,"href":"https:\/\/www.alugarimobiliaria.com.br\/blog\/wp-json\/wp\/v2\/comments?post=490"}],"version-history":[{"count":2,"href":"https:\/\/www.alugarimobiliaria.com.br\/blog\/wp-json\/wp\/v2\/posts\/490\/revisions"}],"predecessor-version":[{"id":494,"href":"https:\/\/www.alugarimobiliaria.com.br\/blog\/wp-json\/wp\/v2\/posts\/490\/revisions\/494"}],"wp:featuredmedia":[{"embeddable":true,"href":"https:\/\/www.alugarimobiliaria.com.br\/blog\/wp-json\/wp\/v2\/media\/492"}],"wp:attachment":[{"href":"https:\/\/www.alugarimobiliaria.com.br\/blog\/wp-json\/wp\/v2\/media?parent=490"}],"wp:term":[{"taxonomy":"category","embeddable":true,"href":"https:\/\/www.alugarimobiliaria.com.br\/blog\/wp-json\/wp\/v2\/categories?post=490"},{"taxonomy":"post_tag","embeddable":true,"href":"https:\/\/www.alugarimobiliaria.com.br\/blog\/wp-json\/wp\/v2\/tags?post=490"}],"curies":[{"name":"wp","href":"https:\/\/api.w.org\/{rel}","templated":true}]}}