{"id":462,"date":"2022-08-03T14:48:19","date_gmt":"2022-08-03T17:48:19","guid":{"rendered":"https:\/\/www.alugarimobiliaria.com.br\/blog\/?p=462"},"modified":"2022-08-03T14:48:58","modified_gmt":"2022-08-03T17:48:58","slug":"pavilhoes-e-salas-comerciais","status":"publish","type":"post","link":"https:\/\/www.alugarimobiliaria.com.br\/blog\/2022\/08\/03\/pavilhoes-e-salas-comerciais\/","title":{"rendered":"Pavilh\u00f5es e salas comerciais"},"content":{"rendered":"\n<p><strong>Pensando em expandir?<\/strong><br>Ambientes para a sua empresa crescer e ter melhores resultados com os seus colaboradores. E quando bem escolhido, pode ser uma boa oportunidade para a sua empresa se destacar.\u2063\u2063\u2063<\/p>\n\n\n\n<figure class=\"wp-block-image size-full\"><img loading=\"lazy\" decoding=\"async\" width=\"800\" height=\"600\" src=\"https:\/\/www.alugarimobiliaria.com.br\/blog\/wp-content\/uploads\/2022\/08\/salas.jpg\" alt=\"\" class=\"wp-image-464\" srcset=\"https:\/\/www.alugarimobiliaria.com.br\/blog\/wp-content\/uploads\/2022\/08\/salas.jpg 800w, https:\/\/www.alugarimobiliaria.com.br\/blog\/wp-content\/uploads\/2022\/08\/salas-300x225.jpg 300w, https:\/\/www.alugarimobiliaria.com.br\/blog\/wp-content\/uploads\/2022\/08\/salas-768x576.jpg 768w\" sizes=\"auto, (max-width: 800px) 100vw, 800px\" \/><\/figure>\n\n\n\n<p>Sabemos que a primeira impress\u00e3o \u00e9 sempre a que fica n\u00e9? E por falar nisso, um bom ambiente de trabalho est\u00e1 diretamente ligado aos resultados dos colaboradores.\u2063 Mas o que deve ser levado em conta?\u2063<br>\u2063<br>Tudo inclui o ambiente de trabalho: Planejamento do espa\u00e7o, organiza\u00e7\u00e3o do ambiente, ilumina\u00e7\u00e3o e circula\u00e7\u00e3o de ar, preocupa\u00e7\u00e3o com a estrutura f\u00edsica, entre outros.\u2063<\/p>\n\n\n\n<p><strong>Interessado?<\/strong><br>Quer saber mais sobre im\u00f3veis nossas salas e pavilh\u00f5es para loca\u00e7\u00e3o?<br>Entre em contato conosco 54 99979.8752<\/p>\n","protected":false},"excerpt":{"rendered":"<p>Pensando em expandir?Ambientes para a sua empresa crescer e ter melhores resultados com os seus colaboradores. E quando bem escolhido, pode ser uma boa oportunidade para a sua empresa se destacar.\u2063\u2063\u2063 Sabemos que a primeira impress\u00e3o \u00e9 sempre a que fica n\u00e9? E por falar nisso, um bom ambiente de trabalho est\u00e1 diretamente ligado aos&hellip;&nbsp;<a href=\"https:\/\/www.alugarimobiliaria.com.br\/blog\/2022\/08\/03\/pavilhoes-e-salas-comerciais\/\" rel=\"bookmark\">Continue a ler &raquo;<span class=\"screen-reader-text\">Pavilh\u00f5es e salas comerciais<\/span><\/a><\/p>\n","protected":false},"author":2,"featured_media":464,"comment_status":"open","ping_status":"closed","sticky":false,"template":"","format":"standard","meta":{"neve_meta_sidebar":"","neve_meta_container":"","neve_meta_enable_content_width":"","neve_meta_content_width":0,"neve_meta_title_alignment":"","neve_meta_author_avatar":"","neve_post_elements_order":"","neve_meta_disable_header":"","neve_meta_disable_footer":"","neve_meta_disable_title":"","footnotes":""},"categories":[1],"tags":[],"class_list":["post-462","post","type-post","status-publish","format-standard","has-post-thumbnail","hentry","category-sem-categoria"],"_links":{"self":[{"href":"https:\/\/www.alugarimobiliaria.com.br\/blog\/wp-json\/wp\/v2\/posts\/462","targetHints":{"allow":["GET"]}}],"collection":[{"href":"https:\/\/www.alugarimobiliaria.com.br\/blog\/wp-json\/wp\/v2\/posts"}],"about":[{"href":"https:\/\/www.alugarimobiliaria.com.br\/blog\/wp-json\/wp\/v2\/types\/post"}],"author":[{"embeddable":true,"href":"https:\/\/www.alugarimobiliaria.com.br\/blog\/wp-json\/wp\/v2\/users\/2"}],"replies":[{"embeddable":true,"href":"https:\/\/www.alugarimobiliaria.com.br\/blog\/wp-json\/wp\/v2\/comments?post=462"}],"version-history":[{"count":2,"href":"https:\/\/www.alugarimobiliaria.com.br\/blog\/wp-json\/wp\/v2\/posts\/462\/revisions"}],"predecessor-version":[{"id":465,"href":"https:\/\/www.alugarimobiliaria.com.br\/blog\/wp-json\/wp\/v2\/posts\/462\/revisions\/465"}],"wp:featuredmedia":[{"embeddable":true,"href":"https:\/\/www.alugarimobiliaria.com.br\/blog\/wp-json\/wp\/v2\/media\/464"}],"wp:attachment":[{"href":"https:\/\/www.alugarimobiliaria.com.br\/blog\/wp-json\/wp\/v2\/media?parent=462"}],"wp:term":[{"taxonomy":"category","embeddable":true,"href":"https:\/\/www.alugarimobiliaria.com.br\/blog\/wp-json\/wp\/v2\/categories?post=462"},{"taxonomy":"post_tag","embeddable":true,"href":"https:\/\/www.alugarimobiliaria.com.br\/blog\/wp-json\/wp\/v2\/tags?post=462"}],"curies":[{"name":"wp","href":"https:\/\/api.w.org\/{rel}","templated":true}]}}