{"id":457,"date":"2022-07-28T11:25:22","date_gmt":"2022-07-28T14:25:22","guid":{"rendered":"https:\/\/www.alugarimobiliaria.com.br\/blog\/?p=457"},"modified":"2022-07-28T11:26:38","modified_gmt":"2022-07-28T14:26:38","slug":"o-risco-da-locacao","status":"publish","type":"post","link":"https:\/\/www.alugarimobiliaria.com.br\/blog\/2022\/07\/28\/o-risco-da-locacao\/","title":{"rendered":"O risco da loca\u00e7\u00e3o"},"content":{"rendered":"\n<p>\u00c9 importante esclarecer que, at\u00e9 pelo que j\u00e1 se explicou quanto a diversidade de v\u00ednculos contratuais estabelecidos, o risco da loca\u00e7\u00e3o \u00e9 inteiramente do propriet\u00e1rio do im\u00f3vel, salvo nos casos de aluguel garantido.\u00a0<\/p>\n\n\n\n<figure class=\"wp-block-image size-full\"><img loading=\"lazy\" decoding=\"async\" width=\"900\" height=\"600\" src=\"https:\/\/www.alugarimobiliaria.com.br\/blog\/wp-content\/uploads\/2022\/07\/locacao_alugar.jpg\" alt=\"\" class=\"wp-image-459\" srcset=\"https:\/\/www.alugarimobiliaria.com.br\/blog\/wp-content\/uploads\/2022\/07\/locacao_alugar.jpg 900w, https:\/\/www.alugarimobiliaria.com.br\/blog\/wp-content\/uploads\/2022\/07\/locacao_alugar-300x200.jpg 300w, https:\/\/www.alugarimobiliaria.com.br\/blog\/wp-content\/uploads\/2022\/07\/locacao_alugar-768x512.jpg 768w\" sizes=\"auto, (max-width: 900px) 100vw, 900px\" \/><\/figure>\n\n\n\n<p>Assim, por exemplo, se sobrev\u00e9m inadimpl\u00eancia, \u00e9 dever da imobili\u00e1ria diligenciar prontamente a cobran\u00e7a extrajudicial dos d\u00e9bitos, e, caso necess\u00e1rio, promover o ajuizamento das medidas judiciais cab\u00edveis.&nbsp;<\/p>\n\n\n\n<p>Ela precisa desincumbir-se de todos os deveres que lhe cabem no desempenho da administra\u00e7\u00e3o da loca\u00e7\u00e3o, mas n\u00e3o se presume do contrato de administra\u00e7\u00e3o a coparticipa\u00e7\u00e3o nos riscos da loca\u00e7\u00e3o.<\/p>\n\n\n\n<p>Quer saber mais sobre im\u00f3veis para loca\u00e7\u00e3o?<br>Entre em contato conosco 54 99979.8752<\/p>\n\n\n\n<p><\/p>\n","protected":false},"excerpt":{"rendered":"<p>\u00c9 importante esclarecer que, at\u00e9 pelo que j\u00e1 se explicou quanto a diversidade de v\u00ednculos contratuais estabelecidos, o risco da loca\u00e7\u00e3o \u00e9 inteiramente do propriet\u00e1rio do im\u00f3vel, salvo nos casos de aluguel garantido.\u00a0 Assim, por exemplo, se sobrev\u00e9m inadimpl\u00eancia, \u00e9 dever da imobili\u00e1ria diligenciar prontamente a cobran\u00e7a extrajudicial dos d\u00e9bitos, e, caso necess\u00e1rio, promover o&hellip;&nbsp;<a href=\"https:\/\/www.alugarimobiliaria.com.br\/blog\/2022\/07\/28\/o-risco-da-locacao\/\" rel=\"bookmark\">Continue a ler &raquo;<span class=\"screen-reader-text\">O risco da loca\u00e7\u00e3o<\/span><\/a><\/p>\n","protected":false},"author":2,"featured_media":459,"comment_status":"open","ping_status":"closed","sticky":false,"template":"","format":"standard","meta":{"neve_meta_sidebar":"","neve_meta_container":"","neve_meta_enable_content_width":"","neve_meta_content_width":0,"neve_meta_title_alignment":"","neve_meta_author_avatar":"","neve_post_elements_order":"","neve_meta_disable_header":"","neve_meta_disable_footer":"","neve_meta_disable_title":"","footnotes":""},"categories":[4],"tags":[],"class_list":["post-457","post","type-post","status-publish","format-standard","has-post-thumbnail","hentry","category-locacao"],"_links":{"self":[{"href":"https:\/\/www.alugarimobiliaria.com.br\/blog\/wp-json\/wp\/v2\/posts\/457","targetHints":{"allow":["GET"]}}],"collection":[{"href":"https:\/\/www.alugarimobiliaria.com.br\/blog\/wp-json\/wp\/v2\/posts"}],"about":[{"href":"https:\/\/www.alugarimobiliaria.com.br\/blog\/wp-json\/wp\/v2\/types\/post"}],"author":[{"embeddable":true,"href":"https:\/\/www.alugarimobiliaria.com.br\/blog\/wp-json\/wp\/v2\/users\/2"}],"replies":[{"embeddable":true,"href":"https:\/\/www.alugarimobiliaria.com.br\/blog\/wp-json\/wp\/v2\/comments?post=457"}],"version-history":[{"count":2,"href":"https:\/\/www.alugarimobiliaria.com.br\/blog\/wp-json\/wp\/v2\/posts\/457\/revisions"}],"predecessor-version":[{"id":461,"href":"https:\/\/www.alugarimobiliaria.com.br\/blog\/wp-json\/wp\/v2\/posts\/457\/revisions\/461"}],"wp:featuredmedia":[{"embeddable":true,"href":"https:\/\/www.alugarimobiliaria.com.br\/blog\/wp-json\/wp\/v2\/media\/459"}],"wp:attachment":[{"href":"https:\/\/www.alugarimobiliaria.com.br\/blog\/wp-json\/wp\/v2\/media?parent=457"}],"wp:term":[{"taxonomy":"category","embeddable":true,"href":"https:\/\/www.alugarimobiliaria.com.br\/blog\/wp-json\/wp\/v2\/categories?post=457"},{"taxonomy":"post_tag","embeddable":true,"href":"https:\/\/www.alugarimobiliaria.com.br\/blog\/wp-json\/wp\/v2\/tags?post=457"}],"curies":[{"name":"wp","href":"https:\/\/api.w.org\/{rel}","templated":true}]}}