{"id":451,"date":"2022-07-20T11:14:37","date_gmt":"2022-07-20T14:14:37","guid":{"rendered":"https:\/\/www.alugarimobiliaria.com.br\/blog\/?p=451"},"modified":"2022-07-20T11:27:32","modified_gmt":"2022-07-20T14:27:32","slug":"posso-rescindir-a-administracao-mantendo-a-locacao","status":"publish","type":"post","link":"https:\/\/www.alugarimobiliaria.com.br\/blog\/2022\/07\/20\/posso-rescindir-a-administracao-mantendo-a-locacao\/","title":{"rendered":"Posso rescindir a administra\u00e7\u00e3o mantendo a locac\u00e3o?"},"content":{"rendered":"\n<p><strong>Uma vez exaurida a vig\u00eancia contratual, posso resilir (rescindir) o Contrato de Administra\u00e7\u00e3o, sem \u00f4nus, mantendo a loca\u00e7\u00e3o?<\/strong><\/p>\n\n\n\n<p>Os Contratos de Administra\u00e7\u00e3o e Loca\u00e7\u00e3o possuem o que se denomina nexo funcional que os interliga. S\u00e3o os chamados contratos coligados, que devem ser interpretados com base na finalidade negocial que lhes \u00e9 comum.&nbsp;<\/p>\n\n\n\n<figure class=\"wp-block-image size-full\"><img loading=\"lazy\" decoding=\"async\" width=\"900\" height=\"600\" src=\"https:\/\/www.alugarimobiliaria.com.br\/blog\/wp-content\/uploads\/2022\/07\/mulher_duvida.jpg\" alt=\"\" class=\"wp-image-454\" srcset=\"https:\/\/www.alugarimobiliaria.com.br\/blog\/wp-content\/uploads\/2022\/07\/mulher_duvida.jpg 900w, https:\/\/www.alugarimobiliaria.com.br\/blog\/wp-content\/uploads\/2022\/07\/mulher_duvida-300x200.jpg 300w, https:\/\/www.alugarimobiliaria.com.br\/blog\/wp-content\/uploads\/2022\/07\/mulher_duvida-768x512.jpg 768w\" sizes=\"auto, (max-width: 900px) 100vw, 900px\" \/><\/figure>\n\n\n\n<p>O Contrato de Administra\u00e7\u00e3o \u00e9 coligado ao Contrato de Loca\u00e7\u00e3o na medida em que ocorreu a capta\u00e7\u00e3o do Locat\u00e1rio com vistas a essa administra\u00e7\u00e3o. Exatamente por isso que a maioria dos contratos de administra\u00e7\u00e3o disp\u00f5em que os mesmos se prorrogam enquanto perdurar o contrato de loca\u00e7\u00e3o.\u00a0<\/p>\n\n\n\n<p>Isso quer dizer que, quando a loca\u00e7\u00e3o se prorroga por prazo indeterminado, o Contrato de Administra\u00e7\u00e3o tamb\u00e9m se prorroga, gerando a justa expectativa da manuten\u00e7\u00e3o da administra\u00e7\u00e3o.&nbsp;<\/p>\n\n\n\n<p>Desta forma, considerando que ningu\u00e9m pode ser obrigado a manter um v\u00ednculo que n\u00e3o deseja, o Contrato de Administra\u00e7\u00e3o at\u00e9 pode ser resilido, entretanto, caso haja previs\u00e3o de multa por viola\u00e7\u00e3o contratual, ela ser\u00e1 devida.<\/p>\n\n\n\n<p>Quer saber mais sobre im\u00f3veis para loca\u00e7\u00e3o?<br>Entre em contato conosco 54 99979.8752<\/p>\n","protected":false},"excerpt":{"rendered":"<p>Uma vez exaurida a vig\u00eancia contratual, posso resilir (rescindir) o Contrato de Administra\u00e7\u00e3o, sem \u00f4nus, mantendo a loca\u00e7\u00e3o? Os Contratos de Administra\u00e7\u00e3o e Loca\u00e7\u00e3o possuem o que se denomina nexo funcional que os interliga. S\u00e3o os chamados contratos coligados, que devem ser interpretados com base na finalidade negocial que lhes \u00e9 comum.&nbsp; O Contrato de&hellip;&nbsp;<a href=\"https:\/\/www.alugarimobiliaria.com.br\/blog\/2022\/07\/20\/posso-rescindir-a-administracao-mantendo-a-locacao\/\" rel=\"bookmark\">Continue a ler &raquo;<span class=\"screen-reader-text\">Posso rescindir a administra\u00e7\u00e3o mantendo a locac\u00e3o?<\/span><\/a><\/p>\n","protected":false},"author":2,"featured_media":454,"comment_status":"open","ping_status":"closed","sticky":false,"template":"","format":"standard","meta":{"neve_meta_sidebar":"","neve_meta_container":"","neve_meta_enable_content_width":"","neve_meta_content_width":0,"neve_meta_title_alignment":"","neve_meta_author_avatar":"","neve_post_elements_order":"","neve_meta_disable_header":"","neve_meta_disable_footer":"","neve_meta_disable_title":"","footnotes":""},"categories":[4],"tags":[],"class_list":["post-451","post","type-post","status-publish","format-standard","has-post-thumbnail","hentry","category-locacao"],"_links":{"self":[{"href":"https:\/\/www.alugarimobiliaria.com.br\/blog\/wp-json\/wp\/v2\/posts\/451","targetHints":{"allow":["GET"]}}],"collection":[{"href":"https:\/\/www.alugarimobiliaria.com.br\/blog\/wp-json\/wp\/v2\/posts"}],"about":[{"href":"https:\/\/www.alugarimobiliaria.com.br\/blog\/wp-json\/wp\/v2\/types\/post"}],"author":[{"embeddable":true,"href":"https:\/\/www.alugarimobiliaria.com.br\/blog\/wp-json\/wp\/v2\/users\/2"}],"replies":[{"embeddable":true,"href":"https:\/\/www.alugarimobiliaria.com.br\/blog\/wp-json\/wp\/v2\/comments?post=451"}],"version-history":[{"count":2,"href":"https:\/\/www.alugarimobiliaria.com.br\/blog\/wp-json\/wp\/v2\/posts\/451\/revisions"}],"predecessor-version":[{"id":455,"href":"https:\/\/www.alugarimobiliaria.com.br\/blog\/wp-json\/wp\/v2\/posts\/451\/revisions\/455"}],"wp:featuredmedia":[{"embeddable":true,"href":"https:\/\/www.alugarimobiliaria.com.br\/blog\/wp-json\/wp\/v2\/media\/454"}],"wp:attachment":[{"href":"https:\/\/www.alugarimobiliaria.com.br\/blog\/wp-json\/wp\/v2\/media?parent=451"}],"wp:term":[{"taxonomy":"category","embeddable":true,"href":"https:\/\/www.alugarimobiliaria.com.br\/blog\/wp-json\/wp\/v2\/categories?post=451"},{"taxonomy":"post_tag","embeddable":true,"href":"https:\/\/www.alugarimobiliaria.com.br\/blog\/wp-json\/wp\/v2\/tags?post=451"}],"curies":[{"name":"wp","href":"https:\/\/api.w.org\/{rel}","templated":true}]}}