{"id":405,"date":"2022-05-25T11:42:18","date_gmt":"2022-05-25T14:42:18","guid":{"rendered":"https:\/\/www.alugarimobiliaria.com.br\/blog\/?p=405"},"modified":"2022-05-25T12:02:01","modified_gmt":"2022-05-25T15:02:01","slug":"seguro-incendio","status":"publish","type":"post","link":"https:\/\/www.alugarimobiliaria.com.br\/blog\/2022\/05\/25\/seguro-incendio\/","title":{"rendered":"Seguro Inc\u00eandio"},"content":{"rendered":"\n<p>\u00c9 dever do locador manter a contrata\u00e7\u00e3o do seguro inc\u00eandio.&nbsp;<\/p>\n\n\n\n<p>Exatamente por isto, o seu contrato de loca\u00e7\u00e3o exige a contrata\u00e7\u00e3o acess\u00f3ria de um seguro contra inc\u00eandio, para cobertura de danos no im\u00f3vel (em favor do propriet\u00e1rio) e cobertura de conte\u00fado (em fa<em>v<\/em>or do locat\u00e1rio).&nbsp;<\/p>\n\n\n\n<p>Antes de proceder \u00e0 contrata\u00e7\u00e3o do Seguro Inc\u00eandio certifique-se junto \u00e0 imobili\u00e1ria quanto \u00e0 necessidade contratual de cobertura, pois a contrata\u00e7\u00e3o de cobertura a menor constitui infra\u00e7\u00e3o contratual, na medida em que n\u00e3o resguarda completamente a seguran\u00e7a esperada.\u00a0<\/p>\n\n\n\n<p><\/p>\n\n\n\n<figure class=\"wp-block-image size-full\"><img loading=\"lazy\" decoding=\"async\" width=\"900\" height=\"600\" src=\"https:\/\/www.alugarimobiliaria.com.br\/blog\/wp-content\/uploads\/2022\/05\/alugar001.jpg\" alt=\"\" class=\"wp-image-407\" srcset=\"https:\/\/www.alugarimobiliaria.com.br\/blog\/wp-content\/uploads\/2022\/05\/alugar001.jpg 900w, https:\/\/www.alugarimobiliaria.com.br\/blog\/wp-content\/uploads\/2022\/05\/alugar001-300x200.jpg 300w, https:\/\/www.alugarimobiliaria.com.br\/blog\/wp-content\/uploads\/2022\/05\/alugar001-768x512.jpg 768w\" sizes=\"auto, (max-width: 900px) 100vw, 900px\" \/><\/figure>\n\n\n\n<p>Pode ser que, ante a imperiosa necessidade de resguardo do im\u00f3vel locado, o seu Contrato de Loca\u00e7\u00e3o contenha uma cl\u00e1usula que disponha que<strong>, ca<\/strong><strong>s<\/strong><strong>o o im\u00f3<em>v<\/em>el n\u00e3o tenha sido segurado contra inc\u00eandio, a imobili\u00e1ria proceder\u00e1 <\/strong><strong>a <\/strong><strong>contrata\u00e7\u00e3o do referido seguro, com repasse do valor do pr\u00eamio no boleto de aluguel.&nbsp;<\/strong><\/p>\n\n\n\n<p>Verifique esses pormenores e mantenha o seguro inc\u00eandio em dia. Ele tamb\u00e9m visa preservar o seu patrim\u00f4nio.<\/p>\n\n\n\n<p>Quer saber mais sobre loca\u00e7\u00e3o?<br>Entre em contato conosco 54 99979.8752<\/p>\n","protected":false},"excerpt":{"rendered":"<p>\u00c9 dever do locador manter a contrata\u00e7\u00e3o do seguro inc\u00eandio.&nbsp; Exatamente por isto, o seu contrato de loca\u00e7\u00e3o exige a contrata\u00e7\u00e3o acess\u00f3ria de um seguro contra inc\u00eandio, para cobertura de danos no im\u00f3vel (em favor do propriet\u00e1rio) e cobertura de conte\u00fado (em favor do locat\u00e1rio).&nbsp; Antes de proceder \u00e0 contrata\u00e7\u00e3o do Seguro Inc\u00eandio certifique-se junto&hellip;&nbsp;<a href=\"https:\/\/www.alugarimobiliaria.com.br\/blog\/2022\/05\/25\/seguro-incendio\/\" rel=\"bookmark\">Continue a ler &raquo;<span class=\"screen-reader-text\">Seguro Inc\u00eandio<\/span><\/a><\/p>\n","protected":false},"author":2,"featured_media":407,"comment_status":"open","ping_status":"closed","sticky":false,"template":"","format":"standard","meta":{"neve_meta_sidebar":"","neve_meta_container":"","neve_meta_enable_content_width":"","neve_meta_content_width":0,"neve_meta_title_alignment":"","neve_meta_author_avatar":"","neve_post_elements_order":"","neve_meta_disable_header":"","neve_meta_disable_footer":"","neve_meta_disable_title":"","footnotes":""},"categories":[4],"tags":[],"class_list":["post-405","post","type-post","status-publish","format-standard","has-post-thumbnail","hentry","category-locacao"],"_links":{"self":[{"href":"https:\/\/www.alugarimobiliaria.com.br\/blog\/wp-json\/wp\/v2\/posts\/405","targetHints":{"allow":["GET"]}}],"collection":[{"href":"https:\/\/www.alugarimobiliaria.com.br\/blog\/wp-json\/wp\/v2\/posts"}],"about":[{"href":"https:\/\/www.alugarimobiliaria.com.br\/blog\/wp-json\/wp\/v2\/types\/post"}],"author":[{"embeddable":true,"href":"https:\/\/www.alugarimobiliaria.com.br\/blog\/wp-json\/wp\/v2\/users\/2"}],"replies":[{"embeddable":true,"href":"https:\/\/www.alugarimobiliaria.com.br\/blog\/wp-json\/wp\/v2\/comments?post=405"}],"version-history":[{"count":2,"href":"https:\/\/www.alugarimobiliaria.com.br\/blog\/wp-json\/wp\/v2\/posts\/405\/revisions"}],"predecessor-version":[{"id":409,"href":"https:\/\/www.alugarimobiliaria.com.br\/blog\/wp-json\/wp\/v2\/posts\/405\/revisions\/409"}],"wp:featuredmedia":[{"embeddable":true,"href":"https:\/\/www.alugarimobiliaria.com.br\/blog\/wp-json\/wp\/v2\/media\/407"}],"wp:attachment":[{"href":"https:\/\/www.alugarimobiliaria.com.br\/blog\/wp-json\/wp\/v2\/media?parent=405"}],"wp:term":[{"taxonomy":"category","embeddable":true,"href":"https:\/\/www.alugarimobiliaria.com.br\/blog\/wp-json\/wp\/v2\/categories?post=405"},{"taxonomy":"post_tag","embeddable":true,"href":"https:\/\/www.alugarimobiliaria.com.br\/blog\/wp-json\/wp\/v2\/tags?post=405"}],"curies":[{"name":"wp","href":"https:\/\/api.w.org\/{rel}","templated":true}]}}