{"id":358,"date":"2022-03-24T14:45:35","date_gmt":"2022-03-24T17:45:35","guid":{"rendered":"https:\/\/www.alugarimobiliaria.com.br\/blog\/?p=358"},"modified":"2022-03-24T14:56:10","modified_gmt":"2022-03-24T17:56:10","slug":"reajuste-e-revisao","status":"publish","type":"post","link":"https:\/\/www.alugarimobiliaria.com.br\/blog\/2022\/03\/24\/reajuste-e-revisao\/","title":{"rendered":"Reajuste e revis\u00e3o"},"content":{"rendered":"\n<figure class=\"wp-block-image size-full\"><img loading=\"lazy\" decoding=\"async\" width=\"800\" height=\"825\" src=\"https:\/\/www.alugarimobiliaria.com.br\/blog\/wp-content\/uploads\/2022\/03\/business-contract-2021-09-24-03-25-49-utc.jpg\" alt=\"\" class=\"wp-image-366\" srcset=\"https:\/\/www.alugarimobiliaria.com.br\/blog\/wp-content\/uploads\/2022\/03\/business-contract-2021-09-24-03-25-49-utc.jpg 800w, https:\/\/www.alugarimobiliaria.com.br\/blog\/wp-content\/uploads\/2022\/03\/business-contract-2021-09-24-03-25-49-utc-291x300.jpg 291w, https:\/\/www.alugarimobiliaria.com.br\/blog\/wp-content\/uploads\/2022\/03\/business-contract-2021-09-24-03-25-49-utc-768x792.jpg 768w\" sizes=\"auto, (max-width: 800px) 100vw, 800px\" \/><figcaption>Successful businesswoman signing a contract at the table<\/figcaption><\/figure>\n\n\n\n<p>Anualmente o valor do seu aluguel poder\u00e1 ser reajustado, conforme estiver disposto em contrato, pelo \u00edndice adotado, com a finalidade repor as perdas inflacion\u00e1rias.<\/p>\n\n\n\n<p>Ao final do contrato esse valor pode ser revisto, conforme altera\u00e7\u00e3o de mercado.<\/p>\n\n\n\n<p>Mas aten\u00e7\u00e3o: reajuste e revis\u00e3o n\u00e3o se confundem. O reajuste, de periodicidade anual visa repor a perda inflacion\u00e1ria e revis\u00e3o visa readequar a realidade de mercado.<\/p>\n\n\n\n<p>Quer saber mais sobre loca\u00e7\u00f5es?<br>Entre em contato conosco 54 99979.8752<\/p>\n","protected":false},"excerpt":{"rendered":"<p>Anualmente o valor do seu aluguel poder\u00e1 ser reajustado, conforme estiver disposto em contrato, pelo \u00edndice adotado, com a finalidade repor as perdas inflacion\u00e1rias. Ao final do contrato esse valor pode ser revisto, conforme altera\u00e7\u00e3o de mercado. Mas aten\u00e7\u00e3o: reajuste e revis\u00e3o n\u00e3o se confundem. O reajuste, de periodicidade anual visa repor a perda inflacion\u00e1ria&hellip;&nbsp;<a href=\"https:\/\/www.alugarimobiliaria.com.br\/blog\/2022\/03\/24\/reajuste-e-revisao\/\" rel=\"bookmark\">Continue a ler &raquo;<span class=\"screen-reader-text\">Reajuste e revis\u00e3o<\/span><\/a><\/p>\n","protected":false},"author":2,"featured_media":366,"comment_status":"open","ping_status":"closed","sticky":false,"template":"","format":"standard","meta":{"neve_meta_sidebar":"","neve_meta_container":"","neve_meta_enable_content_width":"","neve_meta_content_width":0,"neve_meta_title_alignment":"","neve_meta_author_avatar":"","neve_post_elements_order":"","neve_meta_disable_header":"","neve_meta_disable_footer":"","neve_meta_disable_title":"","footnotes":""},"categories":[4],"tags":[],"class_list":["post-358","post","type-post","status-publish","format-standard","has-post-thumbnail","hentry","category-locacao"],"_links":{"self":[{"href":"https:\/\/www.alugarimobiliaria.com.br\/blog\/wp-json\/wp\/v2\/posts\/358","targetHints":{"allow":["GET"]}}],"collection":[{"href":"https:\/\/www.alugarimobiliaria.com.br\/blog\/wp-json\/wp\/v2\/posts"}],"about":[{"href":"https:\/\/www.alugarimobiliaria.com.br\/blog\/wp-json\/wp\/v2\/types\/post"}],"author":[{"embeddable":true,"href":"https:\/\/www.alugarimobiliaria.com.br\/blog\/wp-json\/wp\/v2\/users\/2"}],"replies":[{"embeddable":true,"href":"https:\/\/www.alugarimobiliaria.com.br\/blog\/wp-json\/wp\/v2\/comments?post=358"}],"version-history":[{"count":2,"href":"https:\/\/www.alugarimobiliaria.com.br\/blog\/wp-json\/wp\/v2\/posts\/358\/revisions"}],"predecessor-version":[{"id":369,"href":"https:\/\/www.alugarimobiliaria.com.br\/blog\/wp-json\/wp\/v2\/posts\/358\/revisions\/369"}],"wp:featuredmedia":[{"embeddable":true,"href":"https:\/\/www.alugarimobiliaria.com.br\/blog\/wp-json\/wp\/v2\/media\/366"}],"wp:attachment":[{"href":"https:\/\/www.alugarimobiliaria.com.br\/blog\/wp-json\/wp\/v2\/media?parent=358"}],"wp:term":[{"taxonomy":"category","embeddable":true,"href":"https:\/\/www.alugarimobiliaria.com.br\/blog\/wp-json\/wp\/v2\/categories?post=358"},{"taxonomy":"post_tag","embeddable":true,"href":"https:\/\/www.alugarimobiliaria.com.br\/blog\/wp-json\/wp\/v2\/tags?post=358"}],"curies":[{"name":"wp","href":"https:\/\/api.w.org\/{rel}","templated":true}]}}