{"id":354,"date":"2022-03-24T14:43:48","date_gmt":"2022-03-24T17:43:48","guid":{"rendered":"https:\/\/www.alugarimobiliaria.com.br\/blog\/?p=354"},"modified":"2022-03-24T14:44:36","modified_gmt":"2022-03-24T17:44:36","slug":"ate-quando-incidem-os-alugueis-e-encargos","status":"publish","type":"post","link":"https:\/\/www.alugarimobiliaria.com.br\/blog\/2022\/03\/24\/ate-quando-incidem-os-alugueis-e-encargos\/","title":{"rendered":"At\u00e9 quando incidem os alugu\u00e9is e encargos"},"content":{"rendered":"\n<figure class=\"wp-block-image size-large\"><img loading=\"lazy\" decoding=\"async\" width=\"1024\" height=\"587\" src=\"https:\/\/www.alugarimobiliaria.com.br\/blog\/wp-content\/uploads\/2022\/03\/274569745_670044670813339_8064228853901860509_n-1024x587.jpg\" alt=\"\" class=\"wp-image-356\" srcset=\"https:\/\/www.alugarimobiliaria.com.br\/blog\/wp-content\/uploads\/2022\/03\/274569745_670044670813339_8064228853901860509_n-1024x587.jpg 1024w, https:\/\/www.alugarimobiliaria.com.br\/blog\/wp-content\/uploads\/2022\/03\/274569745_670044670813339_8064228853901860509_n-300x172.jpg 300w, https:\/\/www.alugarimobiliaria.com.br\/blog\/wp-content\/uploads\/2022\/03\/274569745_670044670813339_8064228853901860509_n-768x440.jpg 768w, https:\/\/www.alugarimobiliaria.com.br\/blog\/wp-content\/uploads\/2022\/03\/274569745_670044670813339_8064228853901860509_n.jpg 1080w\" sizes=\"auto, (max-width: 1024px) 100vw, 1024px\" \/><\/figure>\n\n\n\n<p>Considerando que a ess\u00eancia da loca\u00e7\u00e3o imobili\u00e1ria \u00e9 a comuta\u00e7\u00e3o da posse do im\u00f3vel pela contrapresta\u00e7\u00e3o do aluguel, a Lei do Inquilinato disp\u00f5e que os alugu\u00e9is incidem desde o recebimento das chaves, pelo Locat\u00e1rio, at\u00e9 a efetiva restitui\u00e7\u00e3o das chaves, com o im\u00f3vel nas mesmas condi\u00e7\u00f5es, conforme recebido no in\u00edcio da loca\u00e7\u00e3o, quando essa posse \u00e9 considerada devolvida ao Locador.<\/p>\n\n\n\n<p>Quer saber mais sobre loca\u00e7\u00f5es?<br>Entre em contato conosco 54 99979.8752<\/p>\n","protected":false},"excerpt":{"rendered":"<p>Considerando que a ess\u00eancia da loca\u00e7\u00e3o imobili\u00e1ria \u00e9 a comuta\u00e7\u00e3o da posse do im\u00f3vel pela contrapresta\u00e7\u00e3o do aluguel, a Lei do Inquilinato disp\u00f5e que os alugu\u00e9is incidem desde o recebimento das chaves, pelo Locat\u00e1rio, at\u00e9 a efetiva restitui\u00e7\u00e3o das chaves, com o im\u00f3vel nas mesmas condi\u00e7\u00f5es, conforme recebido no in\u00edcio da loca\u00e7\u00e3o, quando essa posse&hellip;&nbsp;<a href=\"https:\/\/www.alugarimobiliaria.com.br\/blog\/2022\/03\/24\/ate-quando-incidem-os-alugueis-e-encargos\/\" rel=\"bookmark\">Continue a ler &raquo;<span class=\"screen-reader-text\">At\u00e9 quando incidem os alugu\u00e9is e encargos<\/span><\/a><\/p>\n","protected":false},"author":2,"featured_media":356,"comment_status":"open","ping_status":"closed","sticky":false,"template":"","format":"standard","meta":{"neve_meta_sidebar":"","neve_meta_container":"","neve_meta_enable_content_width":"","neve_meta_content_width":0,"neve_meta_title_alignment":"","neve_meta_author_avatar":"","neve_post_elements_order":"","neve_meta_disable_header":"","neve_meta_disable_footer":"","neve_meta_disable_title":"","footnotes":""},"categories":[4],"tags":[],"class_list":["post-354","post","type-post","status-publish","format-standard","has-post-thumbnail","hentry","category-locacao"],"_links":{"self":[{"href":"https:\/\/www.alugarimobiliaria.com.br\/blog\/wp-json\/wp\/v2\/posts\/354","targetHints":{"allow":["GET"]}}],"collection":[{"href":"https:\/\/www.alugarimobiliaria.com.br\/blog\/wp-json\/wp\/v2\/posts"}],"about":[{"href":"https:\/\/www.alugarimobiliaria.com.br\/blog\/wp-json\/wp\/v2\/types\/post"}],"author":[{"embeddable":true,"href":"https:\/\/www.alugarimobiliaria.com.br\/blog\/wp-json\/wp\/v2\/users\/2"}],"replies":[{"embeddable":true,"href":"https:\/\/www.alugarimobiliaria.com.br\/blog\/wp-json\/wp\/v2\/comments?post=354"}],"version-history":[{"count":2,"href":"https:\/\/www.alugarimobiliaria.com.br\/blog\/wp-json\/wp\/v2\/posts\/354\/revisions"}],"predecessor-version":[{"id":357,"href":"https:\/\/www.alugarimobiliaria.com.br\/blog\/wp-json\/wp\/v2\/posts\/354\/revisions\/357"}],"wp:featuredmedia":[{"embeddable":true,"href":"https:\/\/www.alugarimobiliaria.com.br\/blog\/wp-json\/wp\/v2\/media\/356"}],"wp:attachment":[{"href":"https:\/\/www.alugarimobiliaria.com.br\/blog\/wp-json\/wp\/v2\/media?parent=354"}],"wp:term":[{"taxonomy":"category","embeddable":true,"href":"https:\/\/www.alugarimobiliaria.com.br\/blog\/wp-json\/wp\/v2\/categories?post=354"},{"taxonomy":"post_tag","embeddable":true,"href":"https:\/\/www.alugarimobiliaria.com.br\/blog\/wp-json\/wp\/v2\/tags?post=354"}],"curies":[{"name":"wp","href":"https:\/\/api.w.org\/{rel}","templated":true}]}}