{"id":349,"date":"2022-03-24T14:40:31","date_gmt":"2022-03-24T17:40:31","guid":{"rendered":"https:\/\/www.alugarimobiliaria.com.br\/blog\/?p=349"},"modified":"2022-03-24T14:42:20","modified_gmt":"2022-03-24T17:42:20","slug":"entendendo-as-relacoes-imobiliaria-e-locatario","status":"publish","type":"post","link":"https:\/\/www.alugarimobiliaria.com.br\/blog\/2022\/03\/24\/entendendo-as-relacoes-imobiliaria-e-locatario\/","title":{"rendered":"Entendendo as rela\u00e7\u00f5es \u2022 imobili\u00e1ria e locat\u00e1rio"},"content":{"rendered":"\n<figure class=\"wp-block-image size-large\"><img loading=\"lazy\" decoding=\"async\" width=\"1024\" height=\"550\" src=\"https:\/\/www.alugarimobiliaria.com.br\/blog\/wp-content\/uploads\/2022\/03\/273934871_752751305697418_5160814941529459912_n-1024x550.jpg\" alt=\"\" class=\"wp-image-351\" srcset=\"https:\/\/www.alugarimobiliaria.com.br\/blog\/wp-content\/uploads\/2022\/03\/273934871_752751305697418_5160814941529459912_n-1024x550.jpg 1024w, https:\/\/www.alugarimobiliaria.com.br\/blog\/wp-content\/uploads\/2022\/03\/273934871_752751305697418_5160814941529459912_n-300x161.jpg 300w, https:\/\/www.alugarimobiliaria.com.br\/blog\/wp-content\/uploads\/2022\/03\/273934871_752751305697418_5160814941529459912_n-768x412.jpg 768w, https:\/\/www.alugarimobiliaria.com.br\/blog\/wp-content\/uploads\/2022\/03\/273934871_752751305697418_5160814941529459912_n.jpg 1080w\" sizes=\"auto, (max-width: 1024px) 100vw, 1024px\" \/><\/figure>\n\n\n\n<p>Ao confiar a administra\u00e7\u00e3o da loca\u00e7\u00e3o do seu im\u00f3vel a uma imobili\u00e1ria voc\u00ea contratou os servi\u00e7os de quem det\u00e9m a expertise da atividade locat\u00edcia, autorizando a intermedia\u00e7\u00e3o e administra\u00e7\u00e3o da loca\u00e7\u00e3o, em seu nome e benef\u00edcio, mediante o pagamento de uma taxa previamente fixada.<\/p>\n\n\n\n<p>Nesse prisma foram gerados dois v\u00ednculos contratuais, um, da loca\u00e7\u00e3o propriamente dita, que liga voc\u00ea, Locador, ao Locat\u00e1rio do im\u00f3vel, e, outro, de caracter\u00edstica mista, com preponder\u00e2ncia de presta\u00e7\u00e3o de servi\u00e7os, entre voc\u00ea, propriet\u00e1rio, e a imobili\u00e1ria encarregada da administra\u00e7\u00e3o da loca\u00e7\u00e3o.<\/p>\n\n\n\n<p>Quer saber mais sobre loca\u00e7\u00f5es?<br>Entre em contato conosco 54 99979.8752<\/p>\n","protected":false},"excerpt":{"rendered":"<p>Ao confiar a administra\u00e7\u00e3o da loca\u00e7\u00e3o do seu im\u00f3vel a uma imobili\u00e1ria voc\u00ea contratou os servi\u00e7os de quem det\u00e9m a expertise da atividade locat\u00edcia, autorizando a intermedia\u00e7\u00e3o e administra\u00e7\u00e3o da loca\u00e7\u00e3o, em seu nome e benef\u00edcio, mediante o pagamento de uma taxa previamente fixada. Nesse prisma foram gerados dois v\u00ednculos contratuais, um, da loca\u00e7\u00e3o propriamente&hellip;&nbsp;<a href=\"https:\/\/www.alugarimobiliaria.com.br\/blog\/2022\/03\/24\/entendendo-as-relacoes-imobiliaria-e-locatario\/\" rel=\"bookmark\">Continue a ler &raquo;<span class=\"screen-reader-text\">Entendendo as rela\u00e7\u00f5es \u2022 imobili\u00e1ria e locat\u00e1rio<\/span><\/a><\/p>\n","protected":false},"author":2,"featured_media":351,"comment_status":"open","ping_status":"closed","sticky":false,"template":"","format":"standard","meta":{"neve_meta_sidebar":"","neve_meta_container":"","neve_meta_enable_content_width":"","neve_meta_content_width":0,"neve_meta_title_alignment":"","neve_meta_author_avatar":"","neve_post_elements_order":"","neve_meta_disable_header":"","neve_meta_disable_footer":"","neve_meta_disable_title":"","footnotes":""},"categories":[4],"tags":[],"class_list":["post-349","post","type-post","status-publish","format-standard","has-post-thumbnail","hentry","category-locacao"],"_links":{"self":[{"href":"https:\/\/www.alugarimobiliaria.com.br\/blog\/wp-json\/wp\/v2\/posts\/349","targetHints":{"allow":["GET"]}}],"collection":[{"href":"https:\/\/www.alugarimobiliaria.com.br\/blog\/wp-json\/wp\/v2\/posts"}],"about":[{"href":"https:\/\/www.alugarimobiliaria.com.br\/blog\/wp-json\/wp\/v2\/types\/post"}],"author":[{"embeddable":true,"href":"https:\/\/www.alugarimobiliaria.com.br\/blog\/wp-json\/wp\/v2\/users\/2"}],"replies":[{"embeddable":true,"href":"https:\/\/www.alugarimobiliaria.com.br\/blog\/wp-json\/wp\/v2\/comments?post=349"}],"version-history":[{"count":2,"href":"https:\/\/www.alugarimobiliaria.com.br\/blog\/wp-json\/wp\/v2\/posts\/349\/revisions"}],"predecessor-version":[{"id":353,"href":"https:\/\/www.alugarimobiliaria.com.br\/blog\/wp-json\/wp\/v2\/posts\/349\/revisions\/353"}],"wp:featuredmedia":[{"embeddable":true,"href":"https:\/\/www.alugarimobiliaria.com.br\/blog\/wp-json\/wp\/v2\/media\/351"}],"wp:attachment":[{"href":"https:\/\/www.alugarimobiliaria.com.br\/blog\/wp-json\/wp\/v2\/media?parent=349"}],"wp:term":[{"taxonomy":"category","embeddable":true,"href":"https:\/\/www.alugarimobiliaria.com.br\/blog\/wp-json\/wp\/v2\/categories?post=349"},{"taxonomy":"post_tag","embeddable":true,"href":"https:\/\/www.alugarimobiliaria.com.br\/blog\/wp-json\/wp\/v2\/tags?post=349"}],"curies":[{"name":"wp","href":"https:\/\/api.w.org\/{rel}","templated":true}]}}